{"id":2495,"date":"2018-08-31T10:05:00","date_gmt":"2018-08-31T08:05:00","guid":{"rendered":"https:\/\/centroandaluzalfa1.org\/?p=2495"},"modified":"2020-05-03T22:56:51","modified_gmt":"2020-05-03T20:56:51","slug":"alpha-1-center-on-the-camino-de-santiago","status":"publish","type":"post","link":"https:\/\/centroandaluzalfa1.org\/en\/alpha-1-center-on-the-camino-de-santiago\/","title":{"rendered":"Alpha-1 Center on the Camino de Santiago"},"content":{"rendered":"\t\t<div data-elementor-type=\"wp-post\" data-elementor-id=\"2495\" class=\"elementor elementor-2495\">\n\t\t\t\t\t\t<section class=\"elementor-section elementor-top-section elementor-element elementor-element-40a69b02 elementor-section-boxed elementor-section-height-default elementor-section-height-default\" data-id=\"40a69b02\" data-element_type=\"section\" data-e-type=\"section\">\n\t\t\t\t\t\t<div class=\"elementor-container elementor-column-gap-default\">\n\t\t\t\t\t<div class=\"elementor-column elementor-col-100 elementor-top-column elementor-element elementor-element-22896160\" data-id=\"22896160\" data-element_type=\"column\" data-e-type=\"column\">\n\t\t\t<div class=\"elementor-widget-wrap elementor-element-populated\">\n\t\t\t\t\t\t<div class=\"elementor-element elementor-element-49fa3f0c elementor-widget elementor-widget-text-editor\" data-id=\"49fa3f0c\" data-element_type=\"widget\" data-e-type=\"widget\" data-widget_type=\"text-editor.default\">\n\t\t\t\t<div class=\"elementor-widget-container\">\n\t\t\t\t\t\t\t\t\t<p><\/p>\n<p>The Alpha-1 Association of Spain, of patients and families affected by <span style=\"color: #00635b;\"><a style=\"color: #00635b;\" href=\"https:\/\/alfa1.org.es\/deficit-aat\/que-es-el-deficit-de-alfa-1-antitripsina\/\" target=\"_blank\" rel=\"noopener\"><strong>Alpha-1 Antitrypsin Deficit<\/strong><\/a><strong>,<\/strong> <\/span>organizes the Alfas en Camino 2018 program the last week of August 2018. They will cover a total of 115 kilometers on foot, from the town of Sarria, in the province of Lugo, to Santiago de Compostela.<\/p>\n<p>Our call is especially aimed at people affected by Alpha-1 Antitrypsin Deficiency and their family, caregivers and friends. It is also open to patients with other respiratory diseases, especially minority ones, as a global appeal for society&#8217;s attention to Alpha-1 Antitrypsin Deficiency, COPD and Rare minority Diseases; and to promote physical exercise and healthy eating as the key to managing this type of pathology.<\/p>\n<p><\/p>\t\t\t\t\t\t\t\t<\/div>\n\t\t\t\t<\/div>\n\t\t\t\t\t<\/div>\n\t\t<\/div>\n\t\t\t\t\t<\/div>\n\t\t<\/section>\n\t\t\t\t<section class=\"elementor-section elementor-top-section elementor-element elementor-element-cf7ea6a elementor-section-boxed elementor-section-height-default elementor-section-height-default\" data-id=\"cf7ea6a\" data-element_type=\"section\" data-e-type=\"section\">\n\t\t\t\t\t\t<div class=\"elementor-container elementor-column-gap-default\">\n\t\t\t\t\t<div class=\"elementor-column elementor-col-100 elementor-top-column elementor-element elementor-element-2545b44\" data-id=\"2545b44\" data-element_type=\"column\" data-e-type=\"column\">\n\t\t\t<div class=\"elementor-widget-wrap elementor-element-populated\">\n\t\t\t\t\t\t<div class=\"elementor-element elementor-element-0ba31dc elementor-widget elementor-widget-text-editor\" data-id=\"0ba31dc\" data-element_type=\"widget\" data-e-type=\"widget\" data-widget_type=\"text-editor.default\">\n\t\t\t\t<div class=\"elementor-widget-container\">\n\t\t\t\t\t\t\t\t\t<p><\/p><p><strong style=\"color: #00635b; font-size: 21px;\">MISSION<\/strong><\/p><p><\/p><p><\/p><p><em>Alphas on the Way pursues:<\/em><\/p><ul><li>Give visibility to the group of patients with AAT deficiency and publicize this rare disease and its associated pathologies.<\/li><li>To demand the establishment of specific policies that guarantee the access of the patients with pulmonary affectation to the available treatments.<br \/>Disclose the need for all COPD patients to undergo the DAAT test.<\/li><li>Promote that physical exercise and contact with nature and clean air become part of the daily life of patients with COPD and other respiratory diseases.<\/li><li>Incorporate children and young people as a means of promoting a healthy life, key to preventing the development of AAT deficiency lung disease.<\/li><li>Raise awareness of COPD and its prevention, as well as other respiratory diseases, especially minority ones.<\/li><\/ul><p><\/p>\t\t\t\t\t\t\t\t<\/div>\n\t\t\t\t<\/div>\n\t\t\t\t\t<\/div>\n\t\t<\/div>\n\t\t\t\t\t<\/div>\n\t\t<\/section>\n\t\t\t\t<section class=\"elementor-section elementor-top-section elementor-element elementor-element-8620789 elementor-section-boxed elementor-section-height-default elementor-section-height-default\" data-id=\"8620789\" data-element_type=\"section\" data-e-type=\"section\">\n\t\t\t\t\t\t<div class=\"elementor-container elementor-column-gap-default\">\n\t\t\t\t\t<div class=\"elementor-column elementor-col-100 elementor-top-column elementor-element elementor-element-9967d3b\" data-id=\"9967d3b\" data-element_type=\"column\" data-e-type=\"column\">\n\t\t\t<div class=\"elementor-widget-wrap elementor-element-populated\">\n\t\t\t\t\t\t<div class=\"elementor-element elementor-element-27a1fe7 elementor-widget elementor-widget-text-editor\" data-id=\"27a1fe7\" data-element_type=\"widget\" data-e-type=\"widget\" data-widget_type=\"text-editor.default\">\n\t\t\t\t<div class=\"elementor-widget-container\">\n\t\t\t\t\t\t\t\t\t<p><\/p><p><strong style=\"color: #00635b; font-size: 21px;\">PROGRAM<\/strong><\/p><p><\/p><p><\/p><p><strong>The route will be carried out in 7 days, between August 26 and September 1, 2018, covering a daily average of 19 km.<\/strong><\/p><p><strong>The intention is to promote the participation of patients regardless of their degree of disability or need for supplemental oxygen.<\/strong><\/p><p>Each patient will be able to choose the stretch or stretches to be performed each day depending on their capacity and physical shape. For this, there will be a support network that includes the replacement of oxygen and batteries, vehicles for the transfer from and to the reference meeting points, or prior alerts to health centers and hospitals, which will know the presence of the group in area.<\/p><p>Participants without respiratory ailment, or those patients who so decide according to their capacity, will be able to complete the entire stages, also having the necessary infrastructure to travel to and from the towns where they stay overnight, and support during their journey.<\/p><p><\/p>\t\t\t\t\t\t\t\t<\/div>\n\t\t\t\t<\/div>\n\t\t\t\t\t<\/div>\n\t\t<\/div>\n\t\t\t\t\t<\/div>\n\t\t<\/section>\n\t\t\t\t<section class=\"elementor-section elementor-top-section elementor-element elementor-element-9539d26 elementor-section-boxed elementor-section-height-default elementor-section-height-default\" data-id=\"9539d26\" data-element_type=\"section\" data-e-type=\"section\">\n\t\t\t\t\t\t<div class=\"elementor-container elementor-column-gap-default\">\n\t\t\t\t\t<div class=\"elementor-column elementor-col-50 elementor-top-column elementor-element elementor-element-12cdeeb\" data-id=\"12cdeeb\" data-element_type=\"column\" data-e-type=\"column\">\n\t\t\t<div class=\"elementor-widget-wrap elementor-element-populated\">\n\t\t\t\t\t\t<div class=\"elementor-element elementor-element-3d2bfcc elementor-widget elementor-widget-image\" data-id=\"3d2bfcc\" data-element_type=\"widget\" data-e-type=\"widget\" data-widget_type=\"image.default\">\n\t\t\t\t<div class=\"elementor-widget-container\">\n\t\t\t\t\t\t\t\t\t\t\t\t\t\t\t<img fetchpriority=\"high\" decoding=\"async\" width=\"1024\" height=\"768\" src=\"https:\/\/centroandaluzalfa1.org\/wp-content\/uploads\/2020\/03\/IMG-20180908-WA0001.jpg\" class=\"attachment-large size-large wp-image-1245\" alt=\"\" srcset=\"https:\/\/centroandaluzalfa1.org\/wp-content\/uploads\/2020\/03\/IMG-20180908-WA0001.jpg 1024w, https:\/\/centroandaluzalfa1.org\/wp-content\/uploads\/2020\/03\/IMG-20180908-WA0001-300x225.jpg 300w, https:\/\/centroandaluzalfa1.org\/wp-content\/uploads\/2020\/03\/IMG-20180908-WA0001-768x576.jpg 768w\" sizes=\"(max-width: 1024px) 100vw, 1024px\" \/>\t\t\t\t\t\t\t\t\t\t\t\t\t\t\t<\/div>\n\t\t\t\t<\/div>\n\t\t\t\t\t<\/div>\n\t\t<\/div>\n\t\t\t\t<div class=\"elementor-column elementor-col-50 elementor-top-column elementor-element elementor-element-6e1955d\" data-id=\"6e1955d\" data-element_type=\"column\" data-e-type=\"column\">\n\t\t\t<div class=\"elementor-widget-wrap elementor-element-populated\">\n\t\t\t\t\t\t<div class=\"elementor-element elementor-element-f4c16c1 elementor-widget elementor-widget-text-editor\" data-id=\"f4c16c1\" data-element_type=\"widget\" data-e-type=\"widget\" data-widget_type=\"text-editor.default\">\n\t\t\t\t<div class=\"elementor-widget-container\">\n\t\t\t\t\t\t\t\t\t<p>The group will arrive at <a href=\"https:\/\/www.google.es\/maps\/place\/Monumento+de+Monte+do+Gozo\/@42.8893037,-8.4958807,17z\/data=!3m1!4b1!4m5!3m4!1s0xd2eff85685049e5:0xc6e897979a54eff4!8m2!3d42.8892998!4d-8.493692?dcr=0\" target=\"_blank\" rel=\"noopener\">Monte do Gozo<\/a>, the first place from which the Cathedral of Santiago can be seen, on Friday 31 August to enter Santiago de Compostela on Saturday 1, with enough time to fulfil all the pilgrimage rites and obtain the certificate issued by the Cathedral of <a href=\"http:\/\/camino.alfa1.org.es\/la-compostela\/\" target=\"_blank\" rel=\"noopener\">Santiago<\/a> to those who cover more than 100 km on foot.<\/p>\t\t\t\t\t\t\t\t<\/div>\n\t\t\t\t<\/div>\n\t\t\t\t\t<\/div>\n\t\t<\/div>\n\t\t\t\t\t<\/div>\n\t\t<\/section>\n\t\t\t\t<section class=\"elementor-section elementor-top-section elementor-element elementor-element-db5ce48 elementor-section-boxed elementor-section-height-default elementor-section-height-default\" data-id=\"db5ce48\" data-element_type=\"section\" data-e-type=\"section\">\n\t\t\t\t\t\t<div class=\"elementor-container elementor-column-gap-default\">\n\t\t\t\t\t<div class=\"elementor-column elementor-col-50 elementor-top-column elementor-element elementor-element-0ea09e8\" data-id=\"0ea09e8\" data-element_type=\"column\" data-e-type=\"column\">\n\t\t\t<div class=\"elementor-widget-wrap elementor-element-populated\">\n\t\t\t\t\t\t<div class=\"elementor-element elementor-element-cf5f2c0 elementor-widget elementor-widget-text-editor\" data-id=\"cf5f2c0\" data-element_type=\"widget\" data-e-type=\"widget\" data-widget_type=\"text-editor.default\">\n\t\t\t\t<div class=\"elementor-widget-container\">\n\t\t\t\t\t\t\t\t\t<h4 class=\"has-text-color\" style=\"color: #00635b;\"><strong>DECLARATION OF SANTIAGO<\/strong><\/h4><div><strong style=\"background-color: #ffffff; font-family: 'Source Sans Pro'; font-size: 16px;\">Statement in which the &#8220;Alpha patients&#8221; reflect their main concerns and demands.<\/strong><strong><br \/><\/strong><\/div>\t\t\t\t\t\t\t\t<\/div>\n\t\t\t\t<\/div>\n\t\t\t\t<div class=\"elementor-element elementor-element-1c5686a elementor-widget elementor-widget-button\" data-id=\"1c5686a\" data-element_type=\"widget\" data-e-type=\"widget\" data-widget_type=\"button.default\">\n\t\t\t\t<div class=\"elementor-widget-container\">\n\t\t\t\t\t\t\t\t\t<div class=\"elementor-button-wrapper\">\n\t\t\t\t\t<a class=\"elementor-button elementor-button-link elementor-size-sm\" href=\"http:\/\/camino.alfa1.org.es\/declaracion-de-santiago\/\" target=\"_blank\">\n\t\t\t\t\t\t<span class=\"elementor-button-content-wrapper\">\n\t\t\t\t\t\t\t\t\t<span class=\"elementor-button-text\">Read declaration<\/span>\n\t\t\t\t\t<\/span>\n\t\t\t\t\t<\/a>\n\t\t\t\t<\/div>\n\t\t\t\t\t\t\t\t<\/div>\n\t\t\t\t<\/div>\n\t\t\t\t\t<\/div>\n\t\t<\/div>\n\t\t\t\t<div class=\"elementor-column elementor-col-50 elementor-top-column elementor-element elementor-element-3703aa5\" data-id=\"3703aa5\" data-element_type=\"column\" data-e-type=\"column\">\n\t\t\t<div class=\"elementor-widget-wrap elementor-element-populated\">\n\t\t\t\t\t\t<div class=\"elementor-element elementor-element-8010549 elementor-widget elementor-widget-image\" data-id=\"8010549\" data-element_type=\"widget\" data-e-type=\"widget\" data-widget_type=\"image.default\">\n\t\t\t\t<div class=\"elementor-widget-container\">\n\t\t\t\t\t\t\t\t\t\t\t\t\t\t\t<img decoding=\"async\" width=\"960\" height=\"720\" src=\"https:\/\/centroandaluzalfa1.org\/wp-content\/uploads\/2020\/03\/IMG-20180826-WA0009_Alfa1-Espa\u00f1a-Santiago.jpg\" class=\"attachment-large size-large wp-image-1243\" alt=\"\" srcset=\"https:\/\/centroandaluzalfa1.org\/wp-content\/uploads\/2020\/03\/IMG-20180826-WA0009_Alfa1-Espa\u00f1a-Santiago.jpg 960w, https:\/\/centroandaluzalfa1.org\/wp-content\/uploads\/2020\/03\/IMG-20180826-WA0009_Alfa1-Espa\u00f1a-Santiago-300x225.jpg 300w, https:\/\/centroandaluzalfa1.org\/wp-content\/uploads\/2020\/03\/IMG-20180826-WA0009_Alfa1-Espa\u00f1a-Santiago-768x576.jpg 768w\" sizes=\"(max-width: 960px) 100vw, 960px\" \/>\t\t\t\t\t\t\t\t\t\t\t\t\t\t\t<\/div>\n\t\t\t\t<\/div>\n\t\t\t\t\t<\/div>\n\t\t<\/div>\n\t\t\t\t\t<\/div>\n\t\t<\/section>\n\t\t\t\t<section class=\"elementor-section elementor-top-section elementor-element elementor-element-adf52f7 elementor-section-boxed elementor-section-height-default elementor-section-height-default\" data-id=\"adf52f7\" data-element_type=\"section\" data-e-type=\"section\">\n\t\t\t\t\t\t<div class=\"elementor-container elementor-column-gap-default\">\n\t\t\t\t\t<div class=\"elementor-column elementor-col-100 elementor-top-column elementor-element elementor-element-4a458ba\" data-id=\"4a458ba\" data-element_type=\"column\" data-e-type=\"column\">\n\t\t\t<div class=\"elementor-widget-wrap elementor-element-populated\">\n\t\t\t\t\t\t<div class=\"elementor-element elementor-element-9f1652f elementor-widget elementor-widget-text-editor\" data-id=\"9f1652f\" data-element_type=\"widget\" data-e-type=\"widget\" data-widget_type=\"text-editor.default\">\n\t\t\t\t<div class=\"elementor-widget-container\">\n\t\t\t\t\t\t\t\t\t<p><\/p>\n<p>The action seeks public awareness of the Alpha-1 Antitrypsin Deficit and its consequences, in addition to providing patients and families with a space in which to exercise and live together for a few days, on an ancient and cultural route.<\/p>\n<p>Alfas en Camino includes the preparation and signing of a manifesto, the <span style=\"color: #00635b;\"><strong><a style=\"color: #00635b;\" href=\"http:\/\/camino.alfa1.org.es\/declaracion-de-santiago\/\">Declaration of Santiago<\/a><\/strong>,<\/span> which includes the demands of Spanish alpha patients and those from around the world regarding diagnosis, health care and the right to treatment.<\/p>\n<p>The Declaration is supported by the Recommendations of the <strong><a href=\"https:\/\/alfa1.org.es\/wp-content\/uploads\/2018\/01\/recomendaciones-del-grupo-europeo-de-expertos-en-el-deficit-aat.pdf\" target=\"_blank\" rel=\"noopener\"><span style=\"color: #00635b;\">European Group of Experts on Alpha-1 Antitrypsin Deficit<\/span><\/a>,<\/strong> promoted by the international alliance of <span style=\"color: #00635b;\"><a style=\"color: #00635b;\" href=\"http:\/\/alpha-1global.org\/es\/\" target=\"_blank\" rel=\"noopener\"><strong>Alpha-1 Global<\/strong><\/a> <\/span>patient associations, which aim to achieve awareness and response in all European countries to the needs of diagnosis and care of those affected by the Deficit.<\/p>\n<p>\u00a0<\/p>\n<p><\/p>\n<h4 class=\"has-text-color wp-block-heading\" style=\"color: #00635b;\"><strong>FUNDRAISING FOR INVESTIGATION<\/strong><\/h4>\n<p><\/p>\n<p>The participants of Alfas en Camino 2018 who so wish may raise funds for research by selling kilometers or complete stages.<\/p>\n<p>The collection made by Spanish patients with AAT Deficit will be donated in full to INCLIVA, a Health Research Institute linked to the University Hospital of Valencia and endorsed by the Carlos III Health Institute, which is developing the project &#8220;Gene editing of the SERPINA1 gene through the use of CRISPR \/ Cas9 in monocytes of patients with alpha-1 Antitrypsin deficiency \u201dunder the direction of HP. <span style=\"color: #00635b;\"><strong><a style=\"color: #00635b;\" href=\"http:\/\/www.incliva.es\/investigacion\/investigadores\/francisco-dasi-fernandez\" target=\"_blank\" rel=\"noopener\">Dr. Francisco Das\u00ed<\/a><\/strong>,<\/span> member also of the Advisory Committee of the\u00a0<span style=\"color: #00635b;\"><strong><a style=\"color: #00635b;\" href=\"http:\/\/www.redaat.es\/presentacion.php\" target=\"_blank\" rel=\"noopener\">Sapanish Registry of Patinets with AATD, REDAAT<\/a>.<span style=\"font-family: Roboto, sans-serif; font-size: 15px;\">\u00a0<\/span><\/strong><\/span><\/p>\n<p><\/p>\t\t\t\t\t\t\t\t<\/div>\n\t\t\t\t<\/div>\n\t\t\t\t\t<\/div>\n\t\t<\/div>\n\t\t\t\t\t<\/div>\n\t\t<\/section>\n\t\t\t\t<section class=\"elementor-section elementor-top-section elementor-element elementor-element-faea8fb elementor-section-boxed elementor-section-height-default elementor-section-height-default\" data-id=\"faea8fb\" data-element_type=\"section\" data-e-type=\"section\">\n\t\t\t\t\t\t<div class=\"elementor-container elementor-column-gap-default\">\n\t\t\t\t\t<div class=\"elementor-column elementor-col-50 elementor-top-column elementor-element elementor-element-dfe7f8d\" data-id=\"dfe7f8d\" data-element_type=\"column\" data-e-type=\"column\">\n\t\t\t<div class=\"elementor-widget-wrap elementor-element-populated\">\n\t\t\t\t\t\t<div class=\"elementor-element elementor-element-0988e3a elementor-widget elementor-widget-image\" data-id=\"0988e3a\" data-element_type=\"widget\" data-e-type=\"widget\" data-widget_type=\"image.default\">\n\t\t\t\t<div class=\"elementor-widget-container\">\n\t\t\t\t\t\t\t\t\t\t\t\t\t\t\t<img decoding=\"async\" width=\"1024\" height=\"768\" src=\"https:\/\/centroandaluzalfa1.org\/wp-content\/uploads\/2020\/03\/IMG-20180901-WA0002.jpg\" class=\"attachment-large size-large wp-image-1244\" alt=\"\" srcset=\"https:\/\/centroandaluzalfa1.org\/wp-content\/uploads\/2020\/03\/IMG-20180901-WA0002.jpg 1024w, https:\/\/centroandaluzalfa1.org\/wp-content\/uploads\/2020\/03\/IMG-20180901-WA0002-300x225.jpg 300w, https:\/\/centroandaluzalfa1.org\/wp-content\/uploads\/2020\/03\/IMG-20180901-WA0002-768x576.jpg 768w\" sizes=\"(max-width: 1024px) 100vw, 1024px\" \/>\t\t\t\t\t\t\t\t\t\t\t\t\t\t\t<\/div>\n\t\t\t\t<\/div>\n\t\t\t\t\t<\/div>\n\t\t<\/div>\n\t\t\t\t<div class=\"elementor-column elementor-col-50 elementor-top-column elementor-element elementor-element-bcec093\" data-id=\"bcec093\" data-element_type=\"column\" data-e-type=\"column\">\n\t\t\t<div class=\"elementor-widget-wrap elementor-element-populated\">\n\t\t\t\t\t\t<div class=\"elementor-element elementor-element-b271e85 elementor-widget elementor-widget-text-editor\" data-id=\"b271e85\" data-element_type=\"widget\" data-e-type=\"widget\" data-widget_type=\"text-editor.default\">\n\t\t\t\t<div class=\"elementor-widget-container\">\n\t\t\t\t\t\t\t\t\t<p>Monte do Gozo. The coordinators of the Centro Alfa-1 Galego (Dra. Torres) and Centro Andaluz de Granada (Dr. Casas), doctors from the Centro Alfa-1 Galego (Drs Alberto Fern\u00e1ndez and Ram\u00f3n Tub\u00edo) and Dr. Dasi<\/p>\t\t\t\t\t\t\t\t<\/div>\n\t\t\t\t<\/div>\n\t\t\t\t<div class=\"elementor-element elementor-element-dde55b1 elementor-widget elementor-widget-button\" data-id=\"dde55b1\" data-element_type=\"widget\" data-e-type=\"widget\" data-widget_type=\"button.default\">\n\t\t\t\t<div class=\"elementor-widget-container\">\n\t\t\t\t\t\t\t\t\t<div class=\"elementor-button-wrapper\">\n\t\t\t\t\t<a class=\"elementor-button elementor-button-link elementor-size-sm\" href=\"http:\/\/camino.alfa1.org.es\/\" target=\"_blank\">\n\t\t\t\t\t\t<span class=\"elementor-button-content-wrapper\">\n\t\t\t\t\t\t\t\t\t<span class=\"elementor-button-text\">Learn more<\/span>\n\t\t\t\t\t<\/span>\n\t\t\t\t\t<\/a>\n\t\t\t\t<\/div>\n\t\t\t\t\t\t\t\t<\/div>\n\t\t\t\t<\/div>\n\t\t\t\t\t<\/div>\n\t\t<\/div>\n\t\t\t\t\t<\/div>\n\t\t<\/section>\n\t\t\t\t<section class=\"elementor-section elementor-top-section elementor-element elementor-element-c89d1e0 elementor-section-boxed elementor-section-height-default elementor-section-height-default\" data-id=\"c89d1e0\" data-element_type=\"section\" data-e-type=\"section\">\n\t\t\t\t\t\t<div class=\"elementor-container elementor-column-gap-default\">\n\t\t\t\t\t<div class=\"elementor-column elementor-col-100 elementor-top-column elementor-element elementor-element-f088c40\" data-id=\"f088c40\" data-element_type=\"column\" data-e-type=\"column\">\n\t\t\t<div class=\"elementor-widget-wrap\">\n\t\t\t\t\t\t\t<\/div>\n\t\t<\/div>\n\t\t\t\t\t<\/div>\n\t\t<\/section>\n\t\t\t\t<\/div>\n\t\t","protected":false},"excerpt":{"rendered":"<p>The Alpha-1 Association of Spain, of patients and families affected by Alpha-1 Antitrypsin Deficit, organizes the Alfas en Camino 2018 program the last week of August 2018. They will cover a total of 115 kilometers on foot, from the town of Sarria, in the province of Lugo, to Santiago de Compostela. Our call is especially [&hellip;]<\/p>\n","protected":false},"author":5,"featured_media":3723,"comment_status":"closed","ping_status":"closed","sticky":false,"template":"","format":"standard","meta":{"site-sidebar-layout":"default","site-content-layout":"","ast-site-content-layout":"default","site-content-style":"default","site-sidebar-style":"default","ast-global-header-display":"","ast-banner-title-visibility":"","ast-main-header-display":"","ast-hfb-above-header-display":"","ast-hfb-below-header-display":"","ast-hfb-mobile-header-display":"","site-post-title":"","ast-breadcrumbs-content":"","ast-featured-img":"","footer-sml-layout":"","ast-disable-related-posts":"","theme-transparent-header-meta":"","adv-header-id-meta":"","stick-header-meta":"","header-above-stick-meta":"","header-main-stick-meta":"","header-below-stick-meta":"","astra-migrate-meta-layouts":"default","ast-page-background-enabled":"default","ast-page-background-meta":{"desktop":{"background-color":"","background-image":"","background-repeat":"repeat","background-position":"center center","background-size":"auto","background-attachment":"scroll","background-type":"","background-media":"","overlay-type":"","overlay-color":"","overlay-opacity":"","overlay-gradient":""},"tablet":{"background-color":"","background-image":"","background-repeat":"repeat","background-position":"center center","background-size":"auto","background-attachment":"scroll","background-type":"","background-media":"","overlay-type":"","overlay-color":"","overlay-opacity":"","overlay-gradient":""},"mobile":{"background-color":"","background-image":"","background-repeat":"repeat","background-position":"center center","background-size":"auto","background-attachment":"scroll","background-type":"","background-media":"","overlay-type":"","overlay-color":"","overlay-opacity":"","overlay-gradient":""}},"ast-content-background-meta":{"desktop":{"background-color":"var(--ast-global-color-5)","background-image":"","background-repeat":"repeat","background-position":"center center","background-size":"auto","background-attachment":"scroll","background-type":"","background-media":"","overlay-type":"","overlay-color":"","overlay-opacity":"","overlay-gradient":""},"tablet":{"background-color":"var(--ast-global-color-5)","background-image":"","background-repeat":"repeat","background-position":"center center","background-size":"auto","background-attachment":"scroll","background-type":"","background-media":"","overlay-type":"","overlay-color":"","overlay-opacity":"","overlay-gradient":""},"mobile":{"background-color":"var(--ast-global-color-5)","background-image":"","background-repeat":"repeat","background-position":"center center","background-size":"auto","background-attachment":"scroll","background-type":"","background-media":"","overlay-type":"","overlay-color":"","overlay-opacity":"","overlay-gradient":""}},"footnotes":""},"categories":[8,66],"tags":[],"class_list":["post-2495","post","type-post","status-publish","format-standard","has-post-thumbnail","hentry","category-eventos-y-congresos-daat","category-events-aatd"],"yoast_head":"<!-- This site is optimized with the Yoast SEO plugin v27.4 - https:\/\/yoast.com\/product\/yoast-seo-wordpress\/ -->\n<title>Alpha-1 Center on the Camino de Santiago - Centro Andaluz Alfa-1<\/title>\n<meta name=\"robots\" content=\"index, follow, max-snippet:-1, max-image-preview:large, max-video-preview:-1\" \/>\n<link rel=\"canonical\" href=\"https:\/\/centroandaluzalfa1.org\/en\/alpha-1-center-on-the-camino-de-santiago\/\" \/>\n<meta property=\"og:locale\" content=\"en_US\" \/>\n<meta property=\"og:type\" content=\"article\" \/>\n<meta property=\"og:title\" content=\"Alpha-1 Center on the Camino de Santiago - Centro Andaluz Alfa-1\" \/>\n<meta property=\"og:description\" content=\"The Alpha-1 Association of Spain, of patients and families affected by Alpha-1 Antitrypsin Deficit, organizes the Alfas en Camino 2018 program the last week of August 2018. They will cover a total of 115 kilometers on foot, from the town of Sarria, in the province of Lugo, to Santiago de Compostela. Our call is especially [&hellip;]\" \/>\n<meta property=\"og:url\" content=\"https:\/\/centroandaluzalfa1.org\/en\/alpha-1-center-on-the-camino-de-santiago\/\" \/>\n<meta property=\"og:site_name\" content=\"Centro Andaluz Alfa-1\" \/>\n<meta property=\"article:published_time\" content=\"2018-08-31T08:05:00+00:00\" \/>\n<meta property=\"article:modified_time\" content=\"2020-05-03T20:56:51+00:00\" \/>\n<meta property=\"og:image\" content=\"https:\/\/centroandaluzalfa1.org\/wp-content\/uploads\/2018\/08\/camino.png\" \/>\n\t<meta property=\"og:image:width\" content=\"737\" \/>\n\t<meta property=\"og:image:height\" content=\"313\" \/>\n\t<meta property=\"og:image:type\" content=\"image\/png\" \/>\n<meta name=\"author\" content=\"Centro Alfa-1 Granada\" \/>\n<meta name=\"twitter:card\" content=\"summary_large_image\" \/>\n<meta name=\"twitter:creator\" content=\"@centroalfa1gal\" \/>\n<meta name=\"twitter:site\" content=\"@centroalfa1gal\" \/>\n<meta name=\"twitter:label1\" content=\"Written by\" \/>\n\t<meta name=\"twitter:data1\" content=\"Centro Alfa-1 Granada\" \/>\n\t<meta name=\"twitter:label2\" content=\"Est. reading time\" \/>\n\t<meta name=\"twitter:data2\" content=\"4 minutes\" \/>\n<script type=\"application\/ld+json\" class=\"yoast-schema-graph\">{\"@context\":\"https:\\\/\\\/schema.org\",\"@graph\":[{\"@type\":\"Article\",\"@id\":\"https:\\\/\\\/centroandaluzalfa1.org\\\/en\\\/alpha-1-center-on-the-camino-de-santiago\\\/#article\",\"isPartOf\":{\"@id\":\"https:\\\/\\\/centroandaluzalfa1.org\\\/en\\\/alpha-1-center-on-the-camino-de-santiago\\\/\"},\"author\":{\"name\":\"Centro Alfa-1 Granada\",\"@id\":\"https:\\\/\\\/centroandaluzalfa1.org\\\/en\\\/#\\\/schema\\\/person\\\/2e1299ebbb9858082400a9b06d856c52\"},\"headline\":\"Alpha-1 Center on the Camino de Santiago\",\"datePublished\":\"2018-08-31T08:05:00+00:00\",\"dateModified\":\"2020-05-03T20:56:51+00:00\",\"mainEntityOfPage\":{\"@id\":\"https:\\\/\\\/centroandaluzalfa1.org\\\/en\\\/alpha-1-center-on-the-camino-de-santiago\\\/\"},\"wordCount\":740,\"publisher\":{\"@id\":\"https:\\\/\\\/centroandaluzalfa1.org\\\/en\\\/#organization\"},\"image\":{\"@id\":\"https:\\\/\\\/centroandaluzalfa1.org\\\/en\\\/alpha-1-center-on-the-camino-de-santiago\\\/#primaryimage\"},\"thumbnailUrl\":\"https:\\\/\\\/centroandaluzalfa1.org\\\/wp-content\\\/uploads\\\/2018\\\/08\\\/camino.png\",\"articleSection\":[\"Eventos y congresos DAAT\",\"Events AATD\"],\"inLanguage\":\"en-US\"},{\"@type\":\"WebPage\",\"@id\":\"https:\\\/\\\/centroandaluzalfa1.org\\\/en\\\/alpha-1-center-on-the-camino-de-santiago\\\/\",\"url\":\"https:\\\/\\\/centroandaluzalfa1.org\\\/en\\\/alpha-1-center-on-the-camino-de-santiago\\\/\",\"name\":\"Alpha-1 Center on the Camino de Santiago - Centro Andaluz Alfa-1\",\"isPartOf\":{\"@id\":\"https:\\\/\\\/centroandaluzalfa1.org\\\/en\\\/#website\"},\"primaryImageOfPage\":{\"@id\":\"https:\\\/\\\/centroandaluzalfa1.org\\\/en\\\/alpha-1-center-on-the-camino-de-santiago\\\/#primaryimage\"},\"image\":{\"@id\":\"https:\\\/\\\/centroandaluzalfa1.org\\\/en\\\/alpha-1-center-on-the-camino-de-santiago\\\/#primaryimage\"},\"thumbnailUrl\":\"https:\\\/\\\/centroandaluzalfa1.org\\\/wp-content\\\/uploads\\\/2018\\\/08\\\/camino.png\",\"datePublished\":\"2018-08-31T08:05:00+00:00\",\"dateModified\":\"2020-05-03T20:56:51+00:00\",\"breadcrumb\":{\"@id\":\"https:\\\/\\\/centroandaluzalfa1.org\\\/en\\\/alpha-1-center-on-the-camino-de-santiago\\\/#breadcrumb\"},\"inLanguage\":\"en-US\",\"potentialAction\":[{\"@type\":\"ReadAction\",\"target\":[\"https:\\\/\\\/centroandaluzalfa1.org\\\/en\\\/alpha-1-center-on-the-camino-de-santiago\\\/\"]}]},{\"@type\":\"ImageObject\",\"inLanguage\":\"en-US\",\"@id\":\"https:\\\/\\\/centroandaluzalfa1.org\\\/en\\\/alpha-1-center-on-the-camino-de-santiago\\\/#primaryimage\",\"url\":\"https:\\\/\\\/centroandaluzalfa1.org\\\/wp-content\\\/uploads\\\/2018\\\/08\\\/camino.png\",\"contentUrl\":\"https:\\\/\\\/centroandaluzalfa1.org\\\/wp-content\\\/uploads\\\/2018\\\/08\\\/camino.png\",\"width\":737,\"height\":313},{\"@type\":\"BreadcrumbList\",\"@id\":\"https:\\\/\\\/centroandaluzalfa1.org\\\/en\\\/alpha-1-center-on-the-camino-de-santiago\\\/#breadcrumb\",\"itemListElement\":[{\"@type\":\"ListItem\",\"position\":1,\"name\":\"Portada\",\"item\":\"https:\\\/\\\/centroandaluzalfa1.org\\\/en\\\/\"},{\"@type\":\"ListItem\",\"position\":2,\"name\":\"Alpha-1 Center on the Camino de Santiago\"}]},{\"@type\":\"WebSite\",\"@id\":\"https:\\\/\\\/centroandaluzalfa1.org\\\/en\\\/#website\",\"url\":\"https:\\\/\\\/centroandaluzalfa1.org\\\/en\\\/\",\"name\":\"Centro Andaluz Alfa-1\",\"description\":\"\",\"publisher\":{\"@id\":\"https:\\\/\\\/centroandaluzalfa1.org\\\/en\\\/#organization\"},\"potentialAction\":[{\"@type\":\"SearchAction\",\"target\":{\"@type\":\"EntryPoint\",\"urlTemplate\":\"https:\\\/\\\/centroandaluzalfa1.org\\\/en\\\/?s={search_term_string}\"},\"query-input\":{\"@type\":\"PropertyValueSpecification\",\"valueRequired\":true,\"valueName\":\"search_term_string\"}}],\"inLanguage\":\"en-US\"},{\"@type\":\"Organization\",\"@id\":\"https:\\\/\\\/centroandaluzalfa1.org\\\/en\\\/#organization\",\"name\":\"Centro Andaluz Alfa-1 Antitripsina de Granada\",\"url\":\"https:\\\/\\\/centroandaluzalfa1.org\\\/en\\\/\",\"logo\":{\"@type\":\"ImageObject\",\"inLanguage\":\"en-US\",\"@id\":\"https:\\\/\\\/centroandaluzalfa1.org\\\/en\\\/#\\\/schema\\\/logo\\\/image\\\/\",\"url\":\"https:\\\/\\\/centroandaluzalfa1.org\\\/wp-content\\\/uploads\\\/2020\\\/03\\\/logo.png\",\"contentUrl\":\"https:\\\/\\\/centroandaluzalfa1.org\\\/wp-content\\\/uploads\\\/2020\\\/03\\\/logo.png\",\"width\":512,\"height\":376,\"caption\":\"Centro Andaluz Alfa-1 Antitripsina de Granada\"},\"image\":{\"@id\":\"https:\\\/\\\/centroandaluzalfa1.org\\\/en\\\/#\\\/schema\\\/logo\\\/image\\\/\"},\"sameAs\":[\"https:\\\/\\\/x.com\\\/centroalfa1gal\"]},{\"@type\":\"Person\",\"@id\":\"https:\\\/\\\/centroandaluzalfa1.org\\\/en\\\/#\\\/schema\\\/person\\\/2e1299ebbb9858082400a9b06d856c52\",\"name\":\"Centro Alfa-1 Granada\",\"image\":{\"@type\":\"ImageObject\",\"inLanguage\":\"en-US\",\"@id\":\"https:\\\/\\\/secure.gravatar.com\\\/avatar\\\/ae180752fe973d16a332a7a844771bfa65168ad88c95224841c1dae71ba5eb3e?s=96&d=mm&r=g\",\"url\":\"https:\\\/\\\/secure.gravatar.com\\\/avatar\\\/ae180752fe973d16a332a7a844771bfa65168ad88c95224841c1dae71ba5eb3e?s=96&d=mm&r=g\",\"contentUrl\":\"https:\\\/\\\/secure.gravatar.com\\\/avatar\\\/ae180752fe973d16a332a7a844771bfa65168ad88c95224841c1dae71ba5eb3e?s=96&d=mm&r=g\",\"caption\":\"Centro Alfa-1 Granada\"},\"url\":\"https:\\\/\\\/centroandaluzalfa1.org\\\/en\\\/author\\\/sandri\\\/\"}]}<\/script>\n<!-- \/ Yoast SEO plugin. -->","yoast_head_json":{"title":"Alpha-1 Center on the Camino de Santiago - Centro Andaluz Alfa-1","robots":{"index":"index","follow":"follow","max-snippet":"max-snippet:-1","max-image-preview":"max-image-preview:large","max-video-preview":"max-video-preview:-1"},"canonical":"https:\/\/centroandaluzalfa1.org\/en\/alpha-1-center-on-the-camino-de-santiago\/","og_locale":"en_US","og_type":"article","og_title":"Alpha-1 Center on the Camino de Santiago - Centro Andaluz Alfa-1","og_description":"The Alpha-1 Association of Spain, of patients and families affected by Alpha-1 Antitrypsin Deficit, organizes the Alfas en Camino 2018 program the last week of August 2018. They will cover a total of 115 kilometers on foot, from the town of Sarria, in the province of Lugo, to Santiago de Compostela. Our call is especially [&hellip;]","og_url":"https:\/\/centroandaluzalfa1.org\/en\/alpha-1-center-on-the-camino-de-santiago\/","og_site_name":"Centro Andaluz Alfa-1","article_published_time":"2018-08-31T08:05:00+00:00","article_modified_time":"2020-05-03T20:56:51+00:00","og_image":[{"width":737,"height":313,"url":"https:\/\/centroandaluzalfa1.org\/wp-content\/uploads\/2018\/08\/camino.png","type":"image\/png"}],"author":"Centro Alfa-1 Granada","twitter_card":"summary_large_image","twitter_creator":"@centroalfa1gal","twitter_site":"@centroalfa1gal","twitter_misc":{"Written by":"Centro Alfa-1 Granada","Est. reading time":"4 minutes"},"schema":{"@context":"https:\/\/schema.org","@graph":[{"@type":"Article","@id":"https:\/\/centroandaluzalfa1.org\/en\/alpha-1-center-on-the-camino-de-santiago\/#article","isPartOf":{"@id":"https:\/\/centroandaluzalfa1.org\/en\/alpha-1-center-on-the-camino-de-santiago\/"},"author":{"name":"Centro Alfa-1 Granada","@id":"https:\/\/centroandaluzalfa1.org\/en\/#\/schema\/person\/2e1299ebbb9858082400a9b06d856c52"},"headline":"Alpha-1 Center on the Camino de Santiago","datePublished":"2018-08-31T08:05:00+00:00","dateModified":"2020-05-03T20:56:51+00:00","mainEntityOfPage":{"@id":"https:\/\/centroandaluzalfa1.org\/en\/alpha-1-center-on-the-camino-de-santiago\/"},"wordCount":740,"publisher":{"@id":"https:\/\/centroandaluzalfa1.org\/en\/#organization"},"image":{"@id":"https:\/\/centroandaluzalfa1.org\/en\/alpha-1-center-on-the-camino-de-santiago\/#primaryimage"},"thumbnailUrl":"https:\/\/centroandaluzalfa1.org\/wp-content\/uploads\/2018\/08\/camino.png","articleSection":["Eventos y congresos DAAT","Events AATD"],"inLanguage":"en-US"},{"@type":"WebPage","@id":"https:\/\/centroandaluzalfa1.org\/en\/alpha-1-center-on-the-camino-de-santiago\/","url":"https:\/\/centroandaluzalfa1.org\/en\/alpha-1-center-on-the-camino-de-santiago\/","name":"Alpha-1 Center on the Camino de Santiago - Centro Andaluz Alfa-1","isPartOf":{"@id":"https:\/\/centroandaluzalfa1.org\/en\/#website"},"primaryImageOfPage":{"@id":"https:\/\/centroandaluzalfa1.org\/en\/alpha-1-center-on-the-camino-de-santiago\/#primaryimage"},"image":{"@id":"https:\/\/centroandaluzalfa1.org\/en\/alpha-1-center-on-the-camino-de-santiago\/#primaryimage"},"thumbnailUrl":"https:\/\/centroandaluzalfa1.org\/wp-content\/uploads\/2018\/08\/camino.png","datePublished":"2018-08-31T08:05:00+00:00","dateModified":"2020-05-03T20:56:51+00:00","breadcrumb":{"@id":"https:\/\/centroandaluzalfa1.org\/en\/alpha-1-center-on-the-camino-de-santiago\/#breadcrumb"},"inLanguage":"en-US","potentialAction":[{"@type":"ReadAction","target":["https:\/\/centroandaluzalfa1.org\/en\/alpha-1-center-on-the-camino-de-santiago\/"]}]},{"@type":"ImageObject","inLanguage":"en-US","@id":"https:\/\/centroandaluzalfa1.org\/en\/alpha-1-center-on-the-camino-de-santiago\/#primaryimage","url":"https:\/\/centroandaluzalfa1.org\/wp-content\/uploads\/2018\/08\/camino.png","contentUrl":"https:\/\/centroandaluzalfa1.org\/wp-content\/uploads\/2018\/08\/camino.png","width":737,"height":313},{"@type":"BreadcrumbList","@id":"https:\/\/centroandaluzalfa1.org\/en\/alpha-1-center-on-the-camino-de-santiago\/#breadcrumb","itemListElement":[{"@type":"ListItem","position":1,"name":"Portada","item":"https:\/\/centroandaluzalfa1.org\/en\/"},{"@type":"ListItem","position":2,"name":"Alpha-1 Center on the Camino de Santiago"}]},{"@type":"WebSite","@id":"https:\/\/centroandaluzalfa1.org\/en\/#website","url":"https:\/\/centroandaluzalfa1.org\/en\/","name":"Centro Andaluz Alfa-1","description":"","publisher":{"@id":"https:\/\/centroandaluzalfa1.org\/en\/#organization"},"potentialAction":[{"@type":"SearchAction","target":{"@type":"EntryPoint","urlTemplate":"https:\/\/centroandaluzalfa1.org\/en\/?s={search_term_string}"},"query-input":{"@type":"PropertyValueSpecification","valueRequired":true,"valueName":"search_term_string"}}],"inLanguage":"en-US"},{"@type":"Organization","@id":"https:\/\/centroandaluzalfa1.org\/en\/#organization","name":"Centro Andaluz Alfa-1 Antitripsina de Granada","url":"https:\/\/centroandaluzalfa1.org\/en\/","logo":{"@type":"ImageObject","inLanguage":"en-US","@id":"https:\/\/centroandaluzalfa1.org\/en\/#\/schema\/logo\/image\/","url":"https:\/\/centroandaluzalfa1.org\/wp-content\/uploads\/2020\/03\/logo.png","contentUrl":"https:\/\/centroandaluzalfa1.org\/wp-content\/uploads\/2020\/03\/logo.png","width":512,"height":376,"caption":"Centro Andaluz Alfa-1 Antitripsina de Granada"},"image":{"@id":"https:\/\/centroandaluzalfa1.org\/en\/#\/schema\/logo\/image\/"},"sameAs":["https:\/\/x.com\/centroalfa1gal"]},{"@type":"Person","@id":"https:\/\/centroandaluzalfa1.org\/en\/#\/schema\/person\/2e1299ebbb9858082400a9b06d856c52","name":"Centro Alfa-1 Granada","image":{"@type":"ImageObject","inLanguage":"en-US","@id":"https:\/\/secure.gravatar.com\/avatar\/ae180752fe973d16a332a7a844771bfa65168ad88c95224841c1dae71ba5eb3e?s=96&d=mm&r=g","url":"https:\/\/secure.gravatar.com\/avatar\/ae180752fe973d16a332a7a844771bfa65168ad88c95224841c1dae71ba5eb3e?s=96&d=mm&r=g","contentUrl":"https:\/\/secure.gravatar.com\/avatar\/ae180752fe973d16a332a7a844771bfa65168ad88c95224841c1dae71ba5eb3e?s=96&d=mm&r=g","caption":"Centro Alfa-1 Granada"},"url":"https:\/\/centroandaluzalfa1.org\/en\/author\/sandri\/"}]}},"_links":{"self":[{"href":"https:\/\/centroandaluzalfa1.org\/en\/wp-json\/wp\/v2\/posts\/2495","targetHints":{"allow":["GET"]}}],"collection":[{"href":"https:\/\/centroandaluzalfa1.org\/en\/wp-json\/wp\/v2\/posts"}],"about":[{"href":"https:\/\/centroandaluzalfa1.org\/en\/wp-json\/wp\/v2\/types\/post"}],"author":[{"embeddable":true,"href":"https:\/\/centroandaluzalfa1.org\/en\/wp-json\/wp\/v2\/users\/5"}],"replies":[{"embeddable":true,"href":"https:\/\/centroandaluzalfa1.org\/en\/wp-json\/wp\/v2\/comments?post=2495"}],"version-history":[{"count":0,"href":"https:\/\/centroandaluzalfa1.org\/en\/wp-json\/wp\/v2\/posts\/2495\/revisions"}],"wp:featuredmedia":[{"embeddable":true,"href":"https:\/\/centroandaluzalfa1.org\/en\/wp-json\/wp\/v2\/media\/3723"}],"wp:attachment":[{"href":"https:\/\/centroandaluzalfa1.org\/en\/wp-json\/wp\/v2\/media?parent=2495"}],"wp:term":[{"taxonomy":"category","embeddable":true,"href":"https:\/\/centroandaluzalfa1.org\/en\/wp-json\/wp\/v2\/categories?post=2495"},{"taxonomy":"post_tag","embeddable":true,"href":"https:\/\/centroandaluzalfa1.org\/en\/wp-json\/wp\/v2\/tags?post=2495"}],"curies":[{"name":"wp","href":"https:\/\/api.w.org\/{rel}","templated":true}]}}