{"id":2579,"date":"2015-12-12T19:17:44","date_gmt":"2015-12-12T18:17:44","guid":{"rendered":"https:\/\/centroandaluzalfa1.org\/?p=2579"},"modified":"2020-05-03T20:19:46","modified_gmt":"2020-05-03T18:19:46","slug":"congress-2015-19","status":"publish","type":"post","link":"https:\/\/centroandaluzalfa1.org\/en\/congress-2015-19\/","title":{"rendered":"Scientific communications made at medical congresses 2015-19"},"content":{"rendered":"\t\t<div data-elementor-type=\"wp-post\" data-elementor-id=\"2579\" class=\"elementor elementor-2579\">\n\t\t\t\t\t\t<section class=\"elementor-section elementor-top-section elementor-element elementor-element-699097ad elementor-section-boxed elementor-section-height-default elementor-section-height-default\" data-id=\"699097ad\" data-element_type=\"section\" data-e-type=\"section\" data-settings=\"{&quot;background_background&quot;:&quot;classic&quot;}\">\n\t\t\t\t\t\t<div class=\"elementor-container elementor-column-gap-default\">\n\t\t\t\t\t<div class=\"elementor-column elementor-col-100 elementor-top-column elementor-element elementor-element-68fe8b8c\" data-id=\"68fe8b8c\" data-element_type=\"column\" data-e-type=\"column\">\n\t\t\t<div class=\"elementor-widget-wrap elementor-element-populated\">\n\t\t\t\t\t\t<div class=\"elementor-element elementor-element-4e53d384 elementor-widget elementor-widget-text-editor\" data-id=\"4e53d384\" data-element_type=\"widget\" data-e-type=\"widget\" data-widget_type=\"text-editor.default\">\n\t\t\t\t<div class=\"elementor-widget-container\">\n\t\t\t\t\t\t\t\t\t<p>Casas F, Diego I, Bueno P, Esquinas C, Soriano JB, Miravitlles M, Blanco I. Geographical distribution of the prevalence of COPD in the\u00a0world represented by interpolation GIS maps. IDW. Arch Bronconeumol. 2019;55(SC1):174.<\/p>\t\t\t\t\t\t\t\t<\/div>\n\t\t\t\t<\/div>\n\t\t\t\t<div class=\"elementor-element elementor-element-5d3b0709 elementor-widget-divider--view-line elementor-widget elementor-widget-divider\" data-id=\"5d3b0709\" data-element_type=\"widget\" data-e-type=\"widget\" data-widget_type=\"divider.default\">\n\t\t\t\t<div class=\"elementor-widget-container\">\n\t\t\t\t\t\t\t<div class=\"elementor-divider\">\n\t\t\t<span class=\"elementor-divider-separator\">\n\t\t\t\t\t\t<\/span>\n\t\t<\/div>\n\t\t\t\t\t\t<\/div>\n\t\t\t\t<\/div>\n\t\t\t\t<div class=\"elementor-element elementor-element-237ec7e4 elementor-widget elementor-widget-text-editor\" data-id=\"237ec7e4\" data-element_type=\"widget\" data-e-type=\"widget\" data-widget_type=\"text-editor.default\">\n\t\t\t\t<div class=\"elementor-widget-container\">\n\t\t\t\t\t\t\t\t\t<p>Nerea Matamala, Gema Gomez-Mariano, Selene Martinez, Alejandra Damian, Virginia Aquino, Sheila Ramos, Irene Gonzalo, Raquel Saez, Igor Iturbe, Javier Michel de la Rosa, Maria Molina-Molina, Mar\u00eda del Puerto Cano, Ignacio Blanco, Cristina Esquinas, Francisco Casas, Beatriz Martinez-Delgado. Molecular characterization of novel PiS-like alleles identified in Spanish patients with alpha-1 antitrypsin deficiency. International ERS Congress 2018. Paris, 15-19 Sep 2018.<\/p>\t\t\t\t\t\t\t\t<\/div>\n\t\t\t\t<\/div>\n\t\t\t\t<div class=\"elementor-element elementor-element-739197e6 elementor-widget-divider--view-line elementor-widget elementor-widget-divider\" data-id=\"739197e6\" data-element_type=\"widget\" data-e-type=\"widget\" data-widget_type=\"divider.default\">\n\t\t\t\t<div class=\"elementor-widget-container\">\n\t\t\t\t\t\t\t<div class=\"elementor-divider\">\n\t\t\t<span class=\"elementor-divider-separator\">\n\t\t\t\t\t\t<\/span>\n\t\t<\/div>\n\t\t\t\t\t\t<\/div>\n\t\t\t\t<\/div>\n\t\t\t\t<div class=\"elementor-element elementor-element-14aa5b4b elementor-widget elementor-widget-text-editor\" data-id=\"14aa5b4b\" data-element_type=\"widget\" data-e-type=\"widget\" data-widget_type=\"text-editor.default\">\n\t\t\t\t<div class=\"elementor-widget-container\">\n\t\t\t\t\t\t\t\t\t<p>N.Matamala Zamarro, G. G\u00f3mez Mariano, S. Mart\u00ednez Rodr\u00edguez, A. Dami\u00e1n Verde, A. Navarro Riaza, C. Esquinas L\u00f3pez, A. Bustamante Ruiz, S. Cadenas Men\u00e9ndez, S. Curi Chercoles, L. L\u00e1zaro Asegurado, M.T. Mart\u00ednez Mart\u00ednez, E. Rodr\u00edguez Gonz\u00e1lez, M. Torres Dur\u00e1n, I. Herrero Labarga, F.J. Michel de la Rosa, S. Castillo Corull\u00f3n, F. Das\u00ed Fern\u00e1ndez, F. Rodr\u00edguez Fr\u00edas, A. Escribano Montaner, M.J. Cabero P\u00e9rez, M. Miravitlles Fern\u00e1ndez, B. Lara Gallego, I. Blanco, F. Casas Maldonado y B. Mart\u00ednez Delgado. The importance of the genetic diagnosis in patients with alfa-1-antitrypsin deficit. Estimation of rare variants and identification of new variants in the spanish population. Arch Bronconeumol 2018;54 Supl C1:49-81.<\/p>\t\t\t\t\t\t\t\t<\/div>\n\t\t\t\t<\/div>\n\t\t\t\t<div class=\"elementor-element elementor-element-23c7317d elementor-widget-divider--view-line elementor-widget elementor-widget-divider\" data-id=\"23c7317d\" data-element_type=\"widget\" data-e-type=\"widget\" data-widget_type=\"divider.default\">\n\t\t\t\t<div class=\"elementor-widget-container\">\n\t\t\t\t\t\t\t<div class=\"elementor-divider\">\n\t\t\t<span class=\"elementor-divider-separator\">\n\t\t\t\t\t\t<\/span>\n\t\t<\/div>\n\t\t\t\t\t\t<\/div>\n\t\t\t\t<\/div>\n\t\t\t\t<div class=\"elementor-element elementor-element-3184be7d elementor-widget elementor-widget-text-editor\" data-id=\"3184be7d\" data-element_type=\"widget\" data-e-type=\"widget\" data-widget_type=\"text-editor.default\">\n\t\t\t\t<div class=\"elementor-widget-container\">\n\t\t\t\t\t\t\t\t\t<p>Casas F, Diego I, Bueno P, Esquinas C, Soriano JB, Miravitlles M, Blanco I. Geographic distribution of Chronic Obstructive Pulmonary Disease in Latin America.\u00a0 Arch Bronconeumol. 2018;54(Espec Cong 2):1-228.<\/p>\t\t\t\t\t\t\t\t<\/div>\n\t\t\t\t<\/div>\n\t\t\t\t<div class=\"elementor-element elementor-element-313cb659 elementor-widget-divider--view-line elementor-widget elementor-widget-divider\" data-id=\"313cb659\" data-element_type=\"widget\" data-e-type=\"widget\" data-widget_type=\"divider.default\">\n\t\t\t\t<div class=\"elementor-widget-container\">\n\t\t\t\t\t\t\t<div class=\"elementor-divider\">\n\t\t\t<span class=\"elementor-divider-separator\">\n\t\t\t\t\t\t<\/span>\n\t\t<\/div>\n\t\t\t\t\t\t<\/div>\n\t\t\t\t<\/div>\n\t\t\t\t<div class=\"elementor-element elementor-element-15c27d27 elementor-widget elementor-widget-text-editor\" data-id=\"15c27d27\" data-element_type=\"widget\" data-e-type=\"widget\" data-widget_type=\"text-editor.default\">\n\t\t\t\t<div class=\"elementor-widget-container\">\n\t\t\t\t\t\t\t\t\t<p>N.Matamala, G. Gomez-Mariano, B. Lara, S. Martinez, M. Martinez, E. Rodriguez, L. Lazaro, S. Cadenas, S. Curi, F. Michel, S. Castillo, A. Bustamante, C. Esquinas, M. Miravitlles, I. Blanco, F. Casas, B. Martinez-Delgado. Expression of the neutrophil elastase gene and relationship with lung function in patients with alpha-1 antitrypsin deficiency. 27th International Congress of the European Respiratory Society.\u00a0 Mil\u00e1n, Italia, 9-13 Sep 2017.<\/p>\t\t\t\t\t\t\t\t<\/div>\n\t\t\t\t<\/div>\n\t\t\t\t<div class=\"elementor-element elementor-element-74969740 elementor-widget-divider--view-line elementor-widget elementor-widget-divider\" data-id=\"74969740\" data-element_type=\"widget\" data-e-type=\"widget\" data-widget_type=\"divider.default\">\n\t\t\t\t<div class=\"elementor-widget-container\">\n\t\t\t\t\t\t\t<div class=\"elementor-divider\">\n\t\t\t<span class=\"elementor-divider-separator\">\n\t\t\t\t\t\t<\/span>\n\t\t<\/div>\n\t\t\t\t\t\t<\/div>\n\t\t\t\t<\/div>\n\t\t\t\t<div class=\"elementor-element elementor-element-148c8712 elementor-widget elementor-widget-text-editor\" data-id=\"148c8712\" data-element_type=\"widget\" data-e-type=\"widget\" data-widget_type=\"text-editor.default\">\n\t\t\t\t<div class=\"elementor-widget-container\">\n\t\t\t\t\t\t\t\t\t<p>N.Matamala, G. Gomez, I. V\u00e1zquez, B. Lara, MT. Mart\u00ednez, E. Rodr\u00edguez, L. L\u00e1zaro, S. Cadenas, S. Curi, FJ. Michel, S. Castillo, A. Bustamante, C. Esquinas, I. Blanco, M. Miravitlles, F. Casas, B. Martinez-Delgado. MiRNA320c is overexpressed in Alpha-1 antitrypsin-deficient patients and could be a biomarker of lung disease. 50th National Congress SEPAR 2017. Madrid, June 2-5, 2017. Arch Bronconeumol 2017;53 Supl C:125-78.<\/p>\t\t\t\t\t\t\t\t<\/div>\n\t\t\t\t<\/div>\n\t\t\t\t<div class=\"elementor-element elementor-element-cdd7e32 elementor-widget-divider--view-line elementor-widget elementor-widget-divider\" data-id=\"cdd7e32\" data-element_type=\"widget\" data-e-type=\"widget\" data-widget_type=\"divider.default\">\n\t\t\t\t<div class=\"elementor-widget-container\">\n\t\t\t\t\t\t\t<div class=\"elementor-divider\">\n\t\t\t<span class=\"elementor-divider-separator\">\n\t\t\t\t\t\t<\/span>\n\t\t<\/div>\n\t\t\t\t\t\t<\/div>\n\t\t\t\t<\/div>\n\t\t\t\t<div class=\"elementor-element elementor-element-26d5e753 elementor-widget elementor-widget-text-editor\" data-id=\"26d5e753\" data-element_type=\"widget\" data-e-type=\"widget\" data-widget_type=\"text-editor.default\">\n\t\t\t\t<div class=\"elementor-widget-container\">\n\t\t\t\t\t\t\t\t\t<p>Esquinas L\u00f3pez, F. Casas Maldonado, M. Miravitlles Fern\u00e1ndez, I. Blanco Blanco. PI * Z allele frequency, PI * ZZ prevalence and estimated number of PI * ZZ subjects in Europe. 50th National Congress SEPAR 2017. Madrid, June 2-5, 2017. Arch Bronconeumol 2017;53 Supl C:125-78.<\/p>\t\t\t\t\t\t\t\t<\/div>\n\t\t\t\t<\/div>\n\t\t\t\t<div class=\"elementor-element elementor-element-567be0d1 elementor-widget-divider--view-line elementor-widget elementor-widget-divider\" data-id=\"567be0d1\" data-element_type=\"widget\" data-e-type=\"widget\" data-widget_type=\"divider.default\">\n\t\t\t\t<div class=\"elementor-widget-container\">\n\t\t\t\t\t\t\t<div class=\"elementor-divider\">\n\t\t\t<span class=\"elementor-divider-separator\">\n\t\t\t\t\t\t<\/span>\n\t\t<\/div>\n\t\t\t\t\t\t<\/div>\n\t\t\t\t<\/div>\n\t\t\t\t<div class=\"elementor-element elementor-element-2e0cdfb3 elementor-widget elementor-widget-text-editor\" data-id=\"2e0cdfb3\" data-element_type=\"widget\" data-e-type=\"widget\" data-widget_type=\"text-editor.default\">\n\t\t\t\t<div class=\"elementor-widget-container\">\n\t\t\t\t\t\t\t\t\t<p>Casas Maldonado, B. Lara Gallego, C. Esquinas Lopez, MT. Martinez Martinez, A. Bustamante, S. Curi Chercoles, S. Cadenas Perez, L. Lazaro, M. Torres Duran, E. Rodriguez Gonzalez, FJ. Michel De La Rosa, M. Miravitlles Fernandez. Evolution of the Spanish Registry of Patients with Alpha-1 Antitrypsin Deficiency from 2010 to 2016. 50th SEPAR National Congress 2017. Madrid, June 2-5, 2017. Arch Bronconeumol 2017;53 Supl C:125-78.<\/p>\t\t\t\t\t\t\t\t<\/div>\n\t\t\t\t<\/div>\n\t\t\t\t<div class=\"elementor-element elementor-element-37e140d5 elementor-widget-divider--view-line elementor-widget elementor-widget-divider\" data-id=\"37e140d5\" data-element_type=\"widget\" data-e-type=\"widget\" data-widget_type=\"divider.default\">\n\t\t\t\t<div class=\"elementor-widget-container\">\n\t\t\t\t\t\t\t<div class=\"elementor-divider\">\n\t\t\t<span class=\"elementor-divider-separator\">\n\t\t\t\t\t\t<\/span>\n\t\t<\/div>\n\t\t\t\t\t\t<\/div>\n\t\t\t\t<\/div>\n\t\t\t\t<div class=\"elementor-element elementor-element-4889f2b2 elementor-widget elementor-widget-text-editor\" data-id=\"4889f2b2\" data-element_type=\"widget\" data-e-type=\"widget\" data-widget_type=\"text-editor.default\">\n\t\t\t\t<div class=\"elementor-widget-container\">\n\t\t\t\t\t\t\t\t\t<p>Casas Maldonado, B. Lara Gallego, C. Esquinas L\u00f3pez, MT Mart\u00ednez Mart\u00ednez, A. Bustamante Ruiz, S. Curi Ch\u00e9rcoles, on behalf of REDAAT members. Spanish Registry of patients with alpha1 antitrypsin deficiency: Evolution from 2005 to 2016 in Andalusia. 43rd Neumosur Congress. Malaga, March 23 to 25, 2017.<\/p><p class=\"MsoNormal\">\u00a0<\/p>\t\t\t\t\t\t\t\t<\/div>\n\t\t\t\t<\/div>\n\t\t\t\t<div class=\"elementor-element elementor-element-76290322 elementor-widget-divider--view-line elementor-widget elementor-widget-divider\" data-id=\"76290322\" data-element_type=\"widget\" data-e-type=\"widget\" data-widget_type=\"divider.default\">\n\t\t\t\t<div class=\"elementor-widget-container\">\n\t\t\t\t\t\t\t<div class=\"elementor-divider\">\n\t\t\t<span class=\"elementor-divider-separator\">\n\t\t\t\t\t\t<\/span>\n\t\t<\/div>\n\t\t\t\t\t\t<\/div>\n\t\t\t\t<\/div>\n\t\t\t\t<div class=\"elementor-element elementor-element-2576ad3a elementor-widget elementor-widget-text-editor\" data-id=\"2576ad3a\" data-element_type=\"widget\" data-e-type=\"widget\" data-widget_type=\"text-editor.default\">\n\t\t\t\t<div class=\"elementor-widget-container\">\n\t\t\t\t\t\t\t\t\t<p>Casas F, Lara B, Esquinas C, Mart\u00ednez MT, Bustamante A, Curi S, Hern\u00e1ndez JM, Rodr\u00edguez E; Cadenas S; L\u00e1zaro L; Torres M, Michel FJ, Miravitlles M. Spanish registry of patients with alfa-1 anti-trypsine deficit: evolution in the last 6 years (2010-2016). 10th alat congress. 6-9 july 2016. Santiago de Chile (Chile).<\/p><p>\u00a0<\/p>\t\t\t\t\t\t\t\t<\/div>\n\t\t\t\t<\/div>\n\t\t\t\t<div class=\"elementor-element elementor-element-5e7427fa elementor-widget-divider--view-line elementor-widget elementor-widget-divider\" data-id=\"5e7427fa\" data-element_type=\"widget\" data-e-type=\"widget\" data-widget_type=\"divider.default\">\n\t\t\t\t<div class=\"elementor-widget-container\">\n\t\t\t\t\t\t\t<div class=\"elementor-divider\">\n\t\t\t<span class=\"elementor-divider-separator\">\n\t\t\t\t\t\t<\/span>\n\t\t<\/div>\n\t\t\t\t\t\t<\/div>\n\t\t\t\t<\/div>\n\t\t\t\t<div class=\"elementor-element elementor-element-168818ee elementor-widget elementor-widget-text-editor\" data-id=\"168818ee\" data-element_type=\"widget\" data-e-type=\"widget\" data-widget_type=\"text-editor.default\">\n\t\t\t\t<div class=\"elementor-widget-container\">\n\t\t\t\t\t\t\t\t\t<p>Casas F, B Lara, C Esquinas, MT Mart\u00ednez, A Bustamante, S Curi, JM Hern\u00e1ndez, E Rodr\u00edguez; S Cadenas; L L\u00e1zaro; M Torres, Francisco Javier Michel de la Rosa. Spanish registry of patients with alfa-1-anti-trypsine<br \/>deficit: evolution of case recruitment. 49th SEPAR\u00a0<span style=\"font-family: Calibri, sans-serif; font-size: 11pt;\">Congress. June 10-13, 2016. Granada (Spain).<\/span><\/p><p>\u00a0<\/p>\t\t\t\t\t\t\t\t<\/div>\n\t\t\t\t<\/div>\n\t\t\t\t<div class=\"elementor-element elementor-element-285a341b elementor-widget-divider--view-line elementor-widget elementor-widget-divider\" data-id=\"285a341b\" data-element_type=\"widget\" data-e-type=\"widget\" data-widget_type=\"divider.default\">\n\t\t\t\t<div class=\"elementor-widget-container\">\n\t\t\t\t\t\t\t<div class=\"elementor-divider\">\n\t\t\t<span class=\"elementor-divider-separator\">\n\t\t\t\t\t\t<\/span>\n\t\t<\/div>\n\t\t\t\t\t\t<\/div>\n\t\t\t\t<\/div>\n\t\t\t\t<div class=\"elementor-element elementor-element-cef8ec2 elementor-widget elementor-widget-text-editor\" data-id=\"cef8ec2\" data-element_type=\"widget\" data-e-type=\"widget\" data-widget_type=\"text-editor.default\">\n\t\t\t\t<div class=\"elementor-widget-container\">\n\t\t\t\t\t\t\t\t\t<p>S\u00e1nchez Palop, F. Casas Maldonado, M. Abad Arranz, C. Calero Acu\u00f1a, J.L. L\u00f3pez-Campos, F. Romero Valero, et al. Degree of compliance with the determination of alpha-1 antitrypsin in patients with COPD in the outpatient pulmonology department of 9 Andalusian hospitals. 41st Neumosur Congress. C\u00f3rdoba, March 19 to 21, 2015.<\/p><p class=\"MsoNormal\">\u00a0<\/p>\t\t\t\t\t\t\t\t<\/div>\n\t\t\t\t<\/div>\n\t\t\t\t\t<\/div>\n\t\t<\/div>\n\t\t\t\t\t<\/div>\n\t\t<\/section>\n\t\t\t\t<section class=\"elementor-section elementor-top-section elementor-element elementor-element-73df35e elementor-section-boxed elementor-section-height-default elementor-section-height-default\" data-id=\"73df35e\" data-element_type=\"section\" data-e-type=\"section\">\n\t\t\t\t\t\t<div class=\"elementor-container elementor-column-gap-default\">\n\t\t\t\t\t<div class=\"elementor-column elementor-col-100 elementor-top-column elementor-element elementor-element-a542a54\" data-id=\"a542a54\" data-element_type=\"column\" data-e-type=\"column\">\n\t\t\t<div class=\"elementor-widget-wrap elementor-element-populated\">\n\t\t\t\t\t\t<div class=\"elementor-element elementor-element-d996241 elementor-widget elementor-widget-button\" data-id=\"d996241\" data-element_type=\"widget\" data-e-type=\"widget\" data-widget_type=\"button.default\">\n\t\t\t\t<div class=\"elementor-widget-container\">\n\t\t\t\t\t\t\t\t\t<div class=\"elementor-button-wrapper\">\n\t\t\t\t\t<a class=\"elementor-button elementor-button-link elementor-size-sm\" href=\"https:\/\/centroandaluzalfa1.org\/en\/publications\/\">\n\t\t\t\t\t\t<span class=\"elementor-button-content-wrapper\">\n\t\t\t\t\t\t\t\t\t<span class=\"elementor-button-text\">Learm more<\/span>\n\t\t\t\t\t<\/span>\n\t\t\t\t\t<\/a>\n\t\t\t\t<\/div>\n\t\t\t\t\t\t\t\t<\/div>\n\t\t\t\t<\/div>\n\t\t\t\t\t<\/div>\n\t\t<\/div>\n\t\t\t\t\t<\/div>\n\t\t<\/section>\n\t\t\t\t<\/div>\n\t\t","protected":false},"excerpt":{"rendered":"<p>Casas F, Diego I, Bueno P, Esquinas C, Soriano JB, Miravitlles M, Blanco I. Geographical distribution of the prevalence of COPD in the\u00a0world represented by interpolation GIS maps. IDW. Arch Bronconeumol. 2019;55(SC1):174. Nerea Matamala, Gema Gomez-Mariano, Selene Martinez, Alejandra Damian, Virginia Aquino, Sheila Ramos, Irene Gonzalo, Raquel Saez, Igor Iturbe, Javier Michel de la Rosa, [&hellip;]<\/p>\n","protected":false},"author":5,"featured_media":2893,"comment_status":"closed","ping_status":"closed","sticky":false,"template":"","format":"standard","meta":{"site-sidebar-layout":"default","site-content-layout":"","ast-site-content-layout":"default","site-content-style":"default","site-sidebar-style":"default","ast-global-header-display":"","ast-banner-title-visibility":"","ast-main-header-display":"","ast-hfb-above-header-display":"","ast-hfb-below-header-display":"","ast-hfb-mobile-header-display":"","site-post-title":"","ast-breadcrumbs-content":"","ast-featured-img":"","footer-sml-layout":"","ast-disable-related-posts":"","theme-transparent-header-meta":"","adv-header-id-meta":"","stick-header-meta":"","header-above-stick-meta":"","header-main-stick-meta":"","header-below-stick-meta":"","astra-migrate-meta-layouts":"default","ast-page-background-enabled":"default","ast-page-background-meta":{"desktop":{"background-color":"","background-image":"","background-repeat":"repeat","background-position":"center center","background-size":"auto","background-attachment":"scroll","background-type":"","background-media":"","overlay-type":"","overlay-color":"","overlay-opacity":"","overlay-gradient":""},"tablet":{"background-color":"","background-image":"","background-repeat":"repeat","background-position":"center center","background-size":"auto","background-attachment":"scroll","background-type":"","background-media":"","overlay-type":"","overlay-color":"","overlay-opacity":"","overlay-gradient":""},"mobile":{"background-color":"","background-image":"","background-repeat":"repeat","background-position":"center center","background-size":"auto","background-attachment":"scroll","background-type":"","background-media":"","overlay-type":"","overlay-color":"","overlay-opacity":"","overlay-gradient":""}},"ast-content-background-meta":{"desktop":{"background-color":"var(--ast-global-color-5)","background-image":"","background-repeat":"repeat","background-position":"center center","background-size":"auto","background-attachment":"scroll","background-type":"","background-media":"","overlay-type":"","overlay-color":"","overlay-opacity":"","overlay-gradient":""},"tablet":{"background-color":"var(--ast-global-color-5)","background-image":"","background-repeat":"repeat","background-position":"center center","background-size":"auto","background-attachment":"scroll","background-type":"","background-media":"","overlay-type":"","overlay-color":"","overlay-opacity":"","overlay-gradient":""},"mobile":{"background-color":"var(--ast-global-color-5)","background-image":"","background-repeat":"repeat","background-position":"center center","background-size":"auto","background-attachment":"scroll","background-type":"","background-media":"","overlay-type":"","overlay-color":"","overlay-opacity":"","overlay-gradient":""}},"footnotes":""},"categories":[66,66],"tags":[],"class_list":["post-2579","post","type-post","status-publish","format-standard","has-post-thumbnail","hentry","category-events-aatd"],"yoast_head":"<!-- This site is optimized with the Yoast SEO plugin v27.4 - https:\/\/yoast.com\/product\/yoast-seo-wordpress\/ -->\n<title>Scientific communications made at medical congresses 2015-19 - Centro Andaluz Alfa-1<\/title>\n<meta name=\"robots\" content=\"index, follow, max-snippet:-1, max-image-preview:large, max-video-preview:-1\" \/>\n<link rel=\"canonical\" href=\"https:\/\/centroandaluzalfa1.org\/en\/congress-2015-19\/\" \/>\n<meta property=\"og:locale\" content=\"en_US\" \/>\n<meta property=\"og:type\" content=\"article\" \/>\n<meta property=\"og:title\" content=\"Scientific communications made at medical congresses 2015-19 - Centro Andaluz Alfa-1\" \/>\n<meta property=\"og:description\" content=\"Casas F, Diego I, Bueno P, Esquinas C, Soriano JB, Miravitlles M, Blanco I. Geographical distribution of the prevalence of COPD in the\u00a0world represented by interpolation GIS maps. IDW. Arch Bronconeumol. 2019;55(SC1):174. Nerea Matamala, Gema Gomez-Mariano, Selene Martinez, Alejandra Damian, Virginia Aquino, Sheila Ramos, Irene Gonzalo, Raquel Saez, Igor Iturbe, Javier Michel de la Rosa, [&hellip;]\" \/>\n<meta property=\"og:url\" content=\"https:\/\/centroandaluzalfa1.org\/en\/congress-2015-19\/\" \/>\n<meta property=\"og:site_name\" content=\"Centro Andaluz Alfa-1\" \/>\n<meta property=\"article:published_time\" content=\"2015-12-12T18:17:44+00:00\" \/>\n<meta property=\"article:modified_time\" content=\"2020-05-03T18:19:46+00:00\" \/>\n<meta property=\"og:image\" content=\"https:\/\/centroandaluzalfa1.org\/wp-content\/uploads\/2019\/12\/calendar.png\" \/>\n\t<meta property=\"og:image:width\" content=\"737\" \/>\n\t<meta property=\"og:image:height\" content=\"313\" \/>\n\t<meta property=\"og:image:type\" content=\"image\/png\" \/>\n<meta name=\"author\" content=\"Centro Alfa-1 Granada\" \/>\n<meta name=\"twitter:card\" content=\"summary_large_image\" \/>\n<meta name=\"twitter:creator\" content=\"@centroalfa1gal\" \/>\n<meta name=\"twitter:site\" content=\"@centroalfa1gal\" \/>\n<meta name=\"twitter:label1\" content=\"Written by\" \/>\n\t<meta name=\"twitter:data1\" content=\"Centro Alfa-1 Granada\" \/>\n\t<meta name=\"twitter:label2\" content=\"Est. reading time\" \/>\n\t<meta name=\"twitter:data2\" content=\"3 minutes\" \/>\n<script type=\"application\/ld+json\" class=\"yoast-schema-graph\">{\"@context\":\"https:\\\/\\\/schema.org\",\"@graph\":[{\"@type\":\"Article\",\"@id\":\"https:\\\/\\\/centroandaluzalfa1.org\\\/en\\\/congress-2015-19\\\/#article\",\"isPartOf\":{\"@id\":\"https:\\\/\\\/centroandaluzalfa1.org\\\/en\\\/congress-2015-19\\\/\"},\"author\":{\"name\":\"Centro Alfa-1 Granada\",\"@id\":\"https:\\\/\\\/centroandaluzalfa1.org\\\/en\\\/#\\\/schema\\\/person\\\/2e1299ebbb9858082400a9b06d856c52\"},\"headline\":\"Scientific communications made at medical congresses 2015-19\",\"datePublished\":\"2015-12-12T18:17:44+00:00\",\"dateModified\":\"2020-05-03T18:19:46+00:00\",\"mainEntityOfPage\":{\"@id\":\"https:\\\/\\\/centroandaluzalfa1.org\\\/en\\\/congress-2015-19\\\/\"},\"wordCount\":687,\"publisher\":{\"@id\":\"https:\\\/\\\/centroandaluzalfa1.org\\\/en\\\/#organization\"},\"image\":{\"@id\":\"https:\\\/\\\/centroandaluzalfa1.org\\\/en\\\/congress-2015-19\\\/#primaryimage\"},\"thumbnailUrl\":\"https:\\\/\\\/centroandaluzalfa1.org\\\/wp-content\\\/uploads\\\/2019\\\/12\\\/calendar.png\",\"articleSection\":[\"Events AATD\",\"Events AATD\"],\"inLanguage\":\"en-US\"},{\"@type\":\"WebPage\",\"@id\":\"https:\\\/\\\/centroandaluzalfa1.org\\\/en\\\/congress-2015-19\\\/\",\"url\":\"https:\\\/\\\/centroandaluzalfa1.org\\\/en\\\/congress-2015-19\\\/\",\"name\":\"Scientific communications made at medical congresses 2015-19 - Centro Andaluz Alfa-1\",\"isPartOf\":{\"@id\":\"https:\\\/\\\/centroandaluzalfa1.org\\\/en\\\/#website\"},\"primaryImageOfPage\":{\"@id\":\"https:\\\/\\\/centroandaluzalfa1.org\\\/en\\\/congress-2015-19\\\/#primaryimage\"},\"image\":{\"@id\":\"https:\\\/\\\/centroandaluzalfa1.org\\\/en\\\/congress-2015-19\\\/#primaryimage\"},\"thumbnailUrl\":\"https:\\\/\\\/centroandaluzalfa1.org\\\/wp-content\\\/uploads\\\/2019\\\/12\\\/calendar.png\",\"datePublished\":\"2015-12-12T18:17:44+00:00\",\"dateModified\":\"2020-05-03T18:19:46+00:00\",\"breadcrumb\":{\"@id\":\"https:\\\/\\\/centroandaluzalfa1.org\\\/en\\\/congress-2015-19\\\/#breadcrumb\"},\"inLanguage\":\"en-US\",\"potentialAction\":[{\"@type\":\"ReadAction\",\"target\":[\"https:\\\/\\\/centroandaluzalfa1.org\\\/en\\\/congress-2015-19\\\/\"]}]},{\"@type\":\"ImageObject\",\"inLanguage\":\"en-US\",\"@id\":\"https:\\\/\\\/centroandaluzalfa1.org\\\/en\\\/congress-2015-19\\\/#primaryimage\",\"url\":\"https:\\\/\\\/centroandaluzalfa1.org\\\/wp-content\\\/uploads\\\/2019\\\/12\\\/calendar.png\",\"contentUrl\":\"https:\\\/\\\/centroandaluzalfa1.org\\\/wp-content\\\/uploads\\\/2019\\\/12\\\/calendar.png\",\"width\":737,\"height\":313},{\"@type\":\"BreadcrumbList\",\"@id\":\"https:\\\/\\\/centroandaluzalfa1.org\\\/en\\\/congress-2015-19\\\/#breadcrumb\",\"itemListElement\":[{\"@type\":\"ListItem\",\"position\":1,\"name\":\"Portada\",\"item\":\"https:\\\/\\\/centroandaluzalfa1.org\\\/en\\\/\"},{\"@type\":\"ListItem\",\"position\":2,\"name\":\"Scientific communications made at medical congresses 2015-19\"}]},{\"@type\":\"WebSite\",\"@id\":\"https:\\\/\\\/centroandaluzalfa1.org\\\/en\\\/#website\",\"url\":\"https:\\\/\\\/centroandaluzalfa1.org\\\/en\\\/\",\"name\":\"Centro Andaluz Alfa-1\",\"description\":\"\",\"publisher\":{\"@id\":\"https:\\\/\\\/centroandaluzalfa1.org\\\/en\\\/#organization\"},\"potentialAction\":[{\"@type\":\"SearchAction\",\"target\":{\"@type\":\"EntryPoint\",\"urlTemplate\":\"https:\\\/\\\/centroandaluzalfa1.org\\\/en\\\/?s={search_term_string}\"},\"query-input\":{\"@type\":\"PropertyValueSpecification\",\"valueRequired\":true,\"valueName\":\"search_term_string\"}}],\"inLanguage\":\"en-US\"},{\"@type\":\"Organization\",\"@id\":\"https:\\\/\\\/centroandaluzalfa1.org\\\/en\\\/#organization\",\"name\":\"Centro Andaluz Alfa-1 Antitripsina de Granada\",\"url\":\"https:\\\/\\\/centroandaluzalfa1.org\\\/en\\\/\",\"logo\":{\"@type\":\"ImageObject\",\"inLanguage\":\"en-US\",\"@id\":\"https:\\\/\\\/centroandaluzalfa1.org\\\/en\\\/#\\\/schema\\\/logo\\\/image\\\/\",\"url\":\"https:\\\/\\\/centroandaluzalfa1.org\\\/wp-content\\\/uploads\\\/2020\\\/03\\\/logo.png\",\"contentUrl\":\"https:\\\/\\\/centroandaluzalfa1.org\\\/wp-content\\\/uploads\\\/2020\\\/03\\\/logo.png\",\"width\":512,\"height\":376,\"caption\":\"Centro Andaluz Alfa-1 Antitripsina de Granada\"},\"image\":{\"@id\":\"https:\\\/\\\/centroandaluzalfa1.org\\\/en\\\/#\\\/schema\\\/logo\\\/image\\\/\"},\"sameAs\":[\"https:\\\/\\\/x.com\\\/centroalfa1gal\"]},{\"@type\":\"Person\",\"@id\":\"https:\\\/\\\/centroandaluzalfa1.org\\\/en\\\/#\\\/schema\\\/person\\\/2e1299ebbb9858082400a9b06d856c52\",\"name\":\"Centro Alfa-1 Granada\",\"image\":{\"@type\":\"ImageObject\",\"inLanguage\":\"en-US\",\"@id\":\"https:\\\/\\\/secure.gravatar.com\\\/avatar\\\/ae180752fe973d16a332a7a844771bfa65168ad88c95224841c1dae71ba5eb3e?s=96&d=mm&r=g\",\"url\":\"https:\\\/\\\/secure.gravatar.com\\\/avatar\\\/ae180752fe973d16a332a7a844771bfa65168ad88c95224841c1dae71ba5eb3e?s=96&d=mm&r=g\",\"contentUrl\":\"https:\\\/\\\/secure.gravatar.com\\\/avatar\\\/ae180752fe973d16a332a7a844771bfa65168ad88c95224841c1dae71ba5eb3e?s=96&d=mm&r=g\",\"caption\":\"Centro Alfa-1 Granada\"},\"url\":\"https:\\\/\\\/centroandaluzalfa1.org\\\/en\\\/author\\\/sandri\\\/\"}]}<\/script>\n<!-- \/ Yoast SEO plugin. -->","yoast_head_json":{"title":"Scientific communications made at medical congresses 2015-19 - Centro Andaluz Alfa-1","robots":{"index":"index","follow":"follow","max-snippet":"max-snippet:-1","max-image-preview":"max-image-preview:large","max-video-preview":"max-video-preview:-1"},"canonical":"https:\/\/centroandaluzalfa1.org\/en\/congress-2015-19\/","og_locale":"en_US","og_type":"article","og_title":"Scientific communications made at medical congresses 2015-19 - Centro Andaluz Alfa-1","og_description":"Casas F, Diego I, Bueno P, Esquinas C, Soriano JB, Miravitlles M, Blanco I. Geographical distribution of the prevalence of COPD in the\u00a0world represented by interpolation GIS maps. IDW. Arch Bronconeumol. 2019;55(SC1):174. Nerea Matamala, Gema Gomez-Mariano, Selene Martinez, Alejandra Damian, Virginia Aquino, Sheila Ramos, Irene Gonzalo, Raquel Saez, Igor Iturbe, Javier Michel de la Rosa, [&hellip;]","og_url":"https:\/\/centroandaluzalfa1.org\/en\/congress-2015-19\/","og_site_name":"Centro Andaluz Alfa-1","article_published_time":"2015-12-12T18:17:44+00:00","article_modified_time":"2020-05-03T18:19:46+00:00","og_image":[{"width":737,"height":313,"url":"https:\/\/centroandaluzalfa1.org\/wp-content\/uploads\/2019\/12\/calendar.png","type":"image\/png"}],"author":"Centro Alfa-1 Granada","twitter_card":"summary_large_image","twitter_creator":"@centroalfa1gal","twitter_site":"@centroalfa1gal","twitter_misc":{"Written by":"Centro Alfa-1 Granada","Est. reading time":"3 minutes"},"schema":{"@context":"https:\/\/schema.org","@graph":[{"@type":"Article","@id":"https:\/\/centroandaluzalfa1.org\/en\/congress-2015-19\/#article","isPartOf":{"@id":"https:\/\/centroandaluzalfa1.org\/en\/congress-2015-19\/"},"author":{"name":"Centro Alfa-1 Granada","@id":"https:\/\/centroandaluzalfa1.org\/en\/#\/schema\/person\/2e1299ebbb9858082400a9b06d856c52"},"headline":"Scientific communications made at medical congresses 2015-19","datePublished":"2015-12-12T18:17:44+00:00","dateModified":"2020-05-03T18:19:46+00:00","mainEntityOfPage":{"@id":"https:\/\/centroandaluzalfa1.org\/en\/congress-2015-19\/"},"wordCount":687,"publisher":{"@id":"https:\/\/centroandaluzalfa1.org\/en\/#organization"},"image":{"@id":"https:\/\/centroandaluzalfa1.org\/en\/congress-2015-19\/#primaryimage"},"thumbnailUrl":"https:\/\/centroandaluzalfa1.org\/wp-content\/uploads\/2019\/12\/calendar.png","articleSection":["Events AATD","Events AATD"],"inLanguage":"en-US"},{"@type":"WebPage","@id":"https:\/\/centroandaluzalfa1.org\/en\/congress-2015-19\/","url":"https:\/\/centroandaluzalfa1.org\/en\/congress-2015-19\/","name":"Scientific communications made at medical congresses 2015-19 - Centro Andaluz Alfa-1","isPartOf":{"@id":"https:\/\/centroandaluzalfa1.org\/en\/#website"},"primaryImageOfPage":{"@id":"https:\/\/centroandaluzalfa1.org\/en\/congress-2015-19\/#primaryimage"},"image":{"@id":"https:\/\/centroandaluzalfa1.org\/en\/congress-2015-19\/#primaryimage"},"thumbnailUrl":"https:\/\/centroandaluzalfa1.org\/wp-content\/uploads\/2019\/12\/calendar.png","datePublished":"2015-12-12T18:17:44+00:00","dateModified":"2020-05-03T18:19:46+00:00","breadcrumb":{"@id":"https:\/\/centroandaluzalfa1.org\/en\/congress-2015-19\/#breadcrumb"},"inLanguage":"en-US","potentialAction":[{"@type":"ReadAction","target":["https:\/\/centroandaluzalfa1.org\/en\/congress-2015-19\/"]}]},{"@type":"ImageObject","inLanguage":"en-US","@id":"https:\/\/centroandaluzalfa1.org\/en\/congress-2015-19\/#primaryimage","url":"https:\/\/centroandaluzalfa1.org\/wp-content\/uploads\/2019\/12\/calendar.png","contentUrl":"https:\/\/centroandaluzalfa1.org\/wp-content\/uploads\/2019\/12\/calendar.png","width":737,"height":313},{"@type":"BreadcrumbList","@id":"https:\/\/centroandaluzalfa1.org\/en\/congress-2015-19\/#breadcrumb","itemListElement":[{"@type":"ListItem","position":1,"name":"Portada","item":"https:\/\/centroandaluzalfa1.org\/en\/"},{"@type":"ListItem","position":2,"name":"Scientific communications made at medical congresses 2015-19"}]},{"@type":"WebSite","@id":"https:\/\/centroandaluzalfa1.org\/en\/#website","url":"https:\/\/centroandaluzalfa1.org\/en\/","name":"Centro Andaluz Alfa-1","description":"","publisher":{"@id":"https:\/\/centroandaluzalfa1.org\/en\/#organization"},"potentialAction":[{"@type":"SearchAction","target":{"@type":"EntryPoint","urlTemplate":"https:\/\/centroandaluzalfa1.org\/en\/?s={search_term_string}"},"query-input":{"@type":"PropertyValueSpecification","valueRequired":true,"valueName":"search_term_string"}}],"inLanguage":"en-US"},{"@type":"Organization","@id":"https:\/\/centroandaluzalfa1.org\/en\/#organization","name":"Centro Andaluz Alfa-1 Antitripsina de Granada","url":"https:\/\/centroandaluzalfa1.org\/en\/","logo":{"@type":"ImageObject","inLanguage":"en-US","@id":"https:\/\/centroandaluzalfa1.org\/en\/#\/schema\/logo\/image\/","url":"https:\/\/centroandaluzalfa1.org\/wp-content\/uploads\/2020\/03\/logo.png","contentUrl":"https:\/\/centroandaluzalfa1.org\/wp-content\/uploads\/2020\/03\/logo.png","width":512,"height":376,"caption":"Centro Andaluz Alfa-1 Antitripsina de Granada"},"image":{"@id":"https:\/\/centroandaluzalfa1.org\/en\/#\/schema\/logo\/image\/"},"sameAs":["https:\/\/x.com\/centroalfa1gal"]},{"@type":"Person","@id":"https:\/\/centroandaluzalfa1.org\/en\/#\/schema\/person\/2e1299ebbb9858082400a9b06d856c52","name":"Centro Alfa-1 Granada","image":{"@type":"ImageObject","inLanguage":"en-US","@id":"https:\/\/secure.gravatar.com\/avatar\/ae180752fe973d16a332a7a844771bfa65168ad88c95224841c1dae71ba5eb3e?s=96&d=mm&r=g","url":"https:\/\/secure.gravatar.com\/avatar\/ae180752fe973d16a332a7a844771bfa65168ad88c95224841c1dae71ba5eb3e?s=96&d=mm&r=g","contentUrl":"https:\/\/secure.gravatar.com\/avatar\/ae180752fe973d16a332a7a844771bfa65168ad88c95224841c1dae71ba5eb3e?s=96&d=mm&r=g","caption":"Centro Alfa-1 Granada"},"url":"https:\/\/centroandaluzalfa1.org\/en\/author\/sandri\/"}]}},"_links":{"self":[{"href":"https:\/\/centroandaluzalfa1.org\/en\/wp-json\/wp\/v2\/posts\/2579","targetHints":{"allow":["GET"]}}],"collection":[{"href":"https:\/\/centroandaluzalfa1.org\/en\/wp-json\/wp\/v2\/posts"}],"about":[{"href":"https:\/\/centroandaluzalfa1.org\/en\/wp-json\/wp\/v2\/types\/post"}],"author":[{"embeddable":true,"href":"https:\/\/centroandaluzalfa1.org\/en\/wp-json\/wp\/v2\/users\/5"}],"replies":[{"embeddable":true,"href":"https:\/\/centroandaluzalfa1.org\/en\/wp-json\/wp\/v2\/comments?post=2579"}],"version-history":[{"count":0,"href":"https:\/\/centroandaluzalfa1.org\/en\/wp-json\/wp\/v2\/posts\/2579\/revisions"}],"wp:featuredmedia":[{"embeddable":true,"href":"https:\/\/centroandaluzalfa1.org\/en\/wp-json\/wp\/v2\/media\/2893"}],"wp:attachment":[{"href":"https:\/\/centroandaluzalfa1.org\/en\/wp-json\/wp\/v2\/media?parent=2579"}],"wp:term":[{"taxonomy":"category","embeddable":true,"href":"https:\/\/centroandaluzalfa1.org\/en\/wp-json\/wp\/v2\/categories?post=2579"},{"taxonomy":"post_tag","embeddable":true,"href":"https:\/\/centroandaluzalfa1.org\/en\/wp-json\/wp\/v2\/tags?post=2579"}],"curies":[{"name":"wp","href":"https:\/\/api.w.org\/{rel}","templated":true}]}}